{"id":17368,"date":"2025-05-23T09:27:19","date_gmt":"2025-05-23T08:27:19","guid":{"rendered":"https:\/\/www.les-black-panthers.org\/FootUS\/?p=17368"},"modified":"2025-05-23T09:40:02","modified_gmt":"2025-05-23T08:40:02","slug":"demi-finale-de-coupe-deurope-cefl","status":"publish","type":"post","link":"https:\/\/www.les-black-panthers.org\/FootUS\/demi-finale-de-coupe-deurope-cefl\/","title":{"rendered":"Demi Finale de Coupe d&rsquo;Europe CEFL"},"content":{"rendered":"<p class=\"v1MsoNormal\">Un rendez-vous historique pour notre club, notre ville, et pour tous ceux qui, ann\u00e9e apr\u00e8s ann\u00e9e, font battre le c\u0153ur des Black Panthers\u00a0:<\/p>\n<p class=\"v1MsoNormal\"><strong>La 1\/2 finale de Coupe d&rsquo;Europe CEFL face aux Carlstad Crusaders\u00a0 (Su\u00e8de)<\/strong><\/p>\n<p class=\"v1MsoNormal\"><strong>Date :<\/strong> Samedi 31 mai<br \/>\n<strong>Kick Off :<\/strong> 17h<br \/>\n<strong>Lieu :<\/strong> Stade Moynat \u00e0 Thonon-les-Bains<\/p>\n<p class=\"v1MsoNormal\">Cette rencontre d\u00e9passe le simple cadre sportif : c\u2019est un sommet d\u2019engagement, de passion et de d\u00e9passement de soi. C\u2019est le fruit du travail acharn\u00e9 de nos joueurs, de notre staff, de nos b\u00e9n\u00e9voles et du soutien sans faille de nos fid\u00e8les partenaires..<\/p>\n<p class=\"v1MsoNormal\">Nous vous prions de trouver ci-joints :<\/p>\n<p class=\"v1MsoNormal\"><strong>Le dossier de presse de l&rsquo;\u00e9v\u00e9nement<\/strong> (pr\u00e9sentation des \u00e9quipes, classement, partenaires&#8230;)<br \/>\n<a href=\"https:\/\/www.les-black-panthers.org\/FootUS\/CEFL-DEMI_DossierPresse.pdf\" target=\"_blank\" rel=\"noopener noreferrer\">https:\/\/www.les-black-panthers.org\/FootUS\/CEFL-DossierPresse-web.pdf<\/a><\/p>\n<p class=\"v1MsoNormal\"><strong>Pour toute demande d&rsquo;interview, d&rsquo;accr\u00e9ditation ou d&rsquo;informations compl\u00e9mentaires :<\/strong><br \/>\n<a href=\"mailto:hippo@panthers-pro.com\" rel=\"noreferrer\">hippo@panthers-pro.com<\/a><br \/>\n04 50 70 21 87<\/p>\n","protected":false},"excerpt":{"rendered":"<p>Un rendez-vous historique pour notre club, notre ville, et pour tous ceux qui, ann\u00e9e apr\u00e8s ann\u00e9e, font battre le c\u0153ur des Black Panthers\u00a0: La 1\/2 finale de Coupe d&rsquo;Europe CEFL face aux Carlstad Crusaders\u00a0 (Su\u00e8de) Date : Samedi 31 mai Kick Off : 17h Lieu : Stade Moynat \u00e0 Thonon-les-Bains Cette rencontre d\u00e9passe le simple cadre sportif : c\u2019est un&hellip;<\/p>\n","protected":false},"author":2906,"featured_media":17369,"comment_status":"closed","ping_status":"closed","sticky":false,"template":"","format":"standard","meta":{"footnotes":""},"categories":[5,6,1],"tags":[],"_links":{"self":[{"href":"https:\/\/www.les-black-panthers.org\/FootUS\/wp-json\/wp\/v2\/posts\/17368"}],"collection":[{"href":"https:\/\/www.les-black-panthers.org\/FootUS\/wp-json\/wp\/v2\/posts"}],"about":[{"href":"https:\/\/www.les-black-panthers.org\/FootUS\/wp-json\/wp\/v2\/types\/post"}],"author":[{"embeddable":true,"href":"https:\/\/www.les-black-panthers.org\/FootUS\/wp-json\/wp\/v2\/users\/2906"}],"replies":[{"embeddable":true,"href":"https:\/\/www.les-black-panthers.org\/FootUS\/wp-json\/wp\/v2\/comments?post=17368"}],"version-history":[{"count":3,"href":"https:\/\/www.les-black-panthers.org\/FootUS\/wp-json\/wp\/v2\/posts\/17368\/revisions"}],"predecessor-version":[{"id":17372,"href":"https:\/\/www.les-black-panthers.org\/FootUS\/wp-json\/wp\/v2\/posts\/17368\/revisions\/17372"}],"wp:featuredmedia":[{"embeddable":true,"href":"https:\/\/www.les-black-panthers.org\/FootUS\/wp-json\/wp\/v2\/media\/17369"}],"wp:attachment":[{"href":"https:\/\/www.les-black-panthers.org\/FootUS\/wp-json\/wp\/v2\/media?parent=17368"}],"wp:term":[{"taxonomy":"category","embeddable":true,"href":"https:\/\/www.les-black-panthers.org\/FootUS\/wp-json\/wp\/v2\/categories?post=17368"},{"taxonomy":"post_tag","embeddable":true,"href":"https:\/\/www.les-black-panthers.org\/FootUS\/wp-json\/wp\/v2\/tags?post=17368"}],"curies":[{"name":"wp","href":"https:\/\/api.w.org\/{rel}","templated":true}]}}