{"id":17014,"date":"2024-08-22T09:39:33","date_gmt":"2024-08-22T08:39:33","guid":{"rendered":"https:\/\/www.les-black-panthers.org\/FootUS\/?p=17014"},"modified":"2024-08-22T09:39:33","modified_gmt":"2024-08-22T08:39:33","slug":"flagadalpes-2024","status":"publish","type":"post","link":"https:\/\/www.les-black-panthers.org\/FootUS\/flagadalpes-2024\/","title":{"rendered":"FLAGAD&rsquo;ALPES 2024"},"content":{"rendered":"<p>Nouvelle \u00e9dition du <strong>Flagad&rsquo;Alpes<\/strong>, tournoi international de flag football, qui se d\u00e9roulera les 21 et 22 Septembre 2024 au Complexe Sportif de la Grangette \u00e0 Thonon-les-Bains.<\/p>\n<p><a href=\"http:\/\/www.helloasso.com\/associations\/black-panthers-club-de-football-americain-thonon\/evenements\/flagad-alpes-2024\">&gt;&gt; Infos et inscriptions &lt;&lt;<\/a><\/p>\n","protected":false},"excerpt":{"rendered":"<p>Nouvelle \u00e9dition du Flagad&rsquo;Alpes, tournoi international de flag football, qui se d\u00e9roulera les 21 et 22 Septembre 2024 au Complexe Sportif de la Grangette \u00e0 Thonon-les-Bains. &gt;&gt; Infos et inscriptions &lt;&lt;<\/p>\n","protected":false},"author":2906,"featured_media":17015,"comment_status":"closed","ping_status":"closed","sticky":false,"template":"","format":"standard","meta":{"footnotes":""},"categories":[5,6,17,1],"tags":[],"_links":{"self":[{"href":"https:\/\/www.les-black-panthers.org\/FootUS\/wp-json\/wp\/v2\/posts\/17014"}],"collection":[{"href":"https:\/\/www.les-black-panthers.org\/FootUS\/wp-json\/wp\/v2\/posts"}],"about":[{"href":"https:\/\/www.les-black-panthers.org\/FootUS\/wp-json\/wp\/v2\/types\/post"}],"author":[{"embeddable":true,"href":"https:\/\/www.les-black-panthers.org\/FootUS\/wp-json\/wp\/v2\/users\/2906"}],"replies":[{"embeddable":true,"href":"https:\/\/www.les-black-panthers.org\/FootUS\/wp-json\/wp\/v2\/comments?post=17014"}],"version-history":[{"count":1,"href":"https:\/\/www.les-black-panthers.org\/FootUS\/wp-json\/wp\/v2\/posts\/17014\/revisions"}],"predecessor-version":[{"id":17016,"href":"https:\/\/www.les-black-panthers.org\/FootUS\/wp-json\/wp\/v2\/posts\/17014\/revisions\/17016"}],"wp:featuredmedia":[{"embeddable":true,"href":"https:\/\/www.les-black-panthers.org\/FootUS\/wp-json\/wp\/v2\/media\/17015"}],"wp:attachment":[{"href":"https:\/\/www.les-black-panthers.org\/FootUS\/wp-json\/wp\/v2\/media?parent=17014"}],"wp:term":[{"taxonomy":"category","embeddable":true,"href":"https:\/\/www.les-black-panthers.org\/FootUS\/wp-json\/wp\/v2\/categories?post=17014"},{"taxonomy":"post_tag","embeddable":true,"href":"https:\/\/www.les-black-panthers.org\/FootUS\/wp-json\/wp\/v2\/tags?post=17014"}],"curies":[{"name":"wp","href":"https:\/\/api.w.org\/{rel}","templated":true}]}}