{"id":16933,"date":"2024-05-29T17:19:56","date_gmt":"2024-05-29T16:19:56","guid":{"rendered":"https:\/\/www.les-black-panthers.org\/FootUS\/?p=16933"},"modified":"2024-05-29T17:25:06","modified_gmt":"2024-05-29T16:25:06","slug":"tous-ensemble-pour-la-planete","status":"publish","type":"post","link":"https:\/\/www.les-black-panthers.org\/FootUS\/tous-ensemble-pour-la-planete\/","title":{"rendered":"Tous ensemble pour la plan\u00e8te !"},"content":{"rendered":"<div><strong><a href=\"https:\/\/www.les-black-panthers.org\/FootUS\/wp-content\/uploads\/2024\/05\/Ruches-scaled.jpeg\"><img loading=\"lazy\" decoding=\"async\" class=\"alignleft wp-image-16937\" src=\"https:\/\/www.les-black-panthers.org\/FootUS\/wp-content\/uploads\/2024\/05\/Ruches-300x200.jpeg\" alt=\"\" width=\"400\" height=\"267\" srcset=\"https:\/\/www.les-black-panthers.org\/FootUS\/wp-content\/uploads\/2024\/05\/Ruches-300x200.jpeg 300w, https:\/\/www.les-black-panthers.org\/FootUS\/wp-content\/uploads\/2024\/05\/Ruches-1024x683.jpeg 1024w, https:\/\/www.les-black-panthers.org\/FootUS\/wp-content\/uploads\/2024\/05\/Ruches-768x512.jpeg 768w, https:\/\/www.les-black-panthers.org\/FootUS\/wp-content\/uploads\/2024\/05\/Ruches-1536x1024.jpeg 1536w, https:\/\/www.les-black-panthers.org\/FootUS\/wp-content\/uploads\/2024\/05\/Ruches-2048x1365.jpeg 2048w, https:\/\/www.les-black-panthers.org\/FootUS\/wp-content\/uploads\/2024\/05\/Ruches-370x247.jpeg 370w, https:\/\/www.les-black-panthers.org\/FootUS\/wp-content\/uploads\/2024\/05\/Ruches-530x354.jpeg 530w, https:\/\/www.les-black-panthers.org\/FootUS\/wp-content\/uploads\/2024\/05\/Ruches-760x507.jpeg 760w\" sizes=\"(max-width: 400px) 100vw, 400px\" \/><\/a>J&rsquo;aime les gens d&rsquo;ici<\/strong>, soucieux de sensibiliser tous les publics, ont mis en place des ruches p\u00e9dagogiques pour les enfants, avec fen\u00eatre en verre, pour des classes de CM1, coll\u00e8ge et lyc\u00e9e.<\/div>\n<div>Il s\u2019agit de d\u00e9velopper des partenariats avec les \u00e9coles pour des ateliers d\u00e9couverte du m\u00e9tier d\u2019apiculteur, de sensibiliser les nouvelles g\u00e9n\u00e9rations \u00e0 leur environnement naturel, la faune, la flore, les insectes pollinisateurs, etc. et de les impliquer dans des projets \u00e9cologiques.<\/div>\n<div>\n<p>&nbsp;<\/p>\n<\/div>\n<div>Par votre adh\u00e9sion \u00e0 <strong>J&rsquo;aime les gens d&rsquo;ic<\/strong>i, vous soutenez nos engagements, contribuez \u00e0 tous nos projets d&rsquo;\u00e9cologie locale et devenez acteurs \u00e0 nos c\u00f4t\u00e9s.<\/div>\n<div>Un partenariat original avec <strong>Resale Components<\/strong> et <strong>Alpes Batteries,<\/strong> qui repose sur le recyclage et la revalorisation de vieux mat\u00e9riel \u00e9lectronique, permet \u00e9galement de financer les ruches participatives ou tout autres projets \u00e9cologiques.<\/div>\n<div>Aujourd&rsquo;hui, ce partenariat \u00e9volue avec les <strong>Black Panthers,<\/strong> devenus pour l&rsquo;occasion les <strong>Green Panthers,<\/strong> avec pour objectif la mise en place des projets \u00e9cologiques dans le Chablais.<\/div>\n<div><\/div>\n<div><\/div>\n<div>\n<div><a href=\"https:\/\/www.les-black-panthers.org\/FootUS\/wp-content\/uploads\/2024\/05\/Electronique.png\"><img loading=\"lazy\" decoding=\"async\" class=\"alignleft wp-image-16942\" src=\"https:\/\/www.les-black-panthers.org\/FootUS\/wp-content\/uploads\/2024\/05\/Electronique-300x200.png\" alt=\"\" width=\"400\" height=\"267\" srcset=\"https:\/\/www.les-black-panthers.org\/FootUS\/wp-content\/uploads\/2024\/05\/Electronique-300x200.png 300w, https:\/\/www.les-black-panthers.org\/FootUS\/wp-content\/uploads\/2024\/05\/Electronique-370x247.png 370w, https:\/\/www.les-black-panthers.org\/FootUS\/wp-content\/uploads\/2024\/05\/Electronique-530x354.png 530w, https:\/\/www.les-black-panthers.org\/FootUS\/wp-content\/uploads\/2024\/05\/Electronique.png 600w\" sizes=\"(max-width: 400px) 100vw, 400px\" \/><\/a><strong>Ce samedi 1er juin au stade Moynat, recyclez vos d\u00e9chets \u00e9lectroniques (smartphone, PC, tablettes, c\u00e2bles, &#8230;).<\/strong><\/div>\n<ul>\n<li style=\"list-style-type: none;\">\n<ul>\n<li>Vous d\u00e9posez dans les bacs de r\u00e9cup\u00e9ration les d\u00e9chets qui seront destin\u00e9s \u00e0 \u00eatre recycl\u00e9s.<\/li>\n<li>Les produits sont d\u00e9mantel\u00e9s pour s\u00e9parer les fractions (batteries, plastique, cartes \u00e9lectroniques).<\/li>\n<li>Les fractions seront recycl\u00e9es dans les fili\u00e8res sp\u00e9cialis\u00e9es pour valoriser les pi\u00e8ces d\u00e9tach\u00e9es et\/ou la mati\u00e8re.<\/li>\n<\/ul>\n<\/li>\n<\/ul>\n<p><em>Nous garantissons l&rsquo;effacement des donn\u00e9es personnelles se trouvant dans les produits.<\/em><\/p>\n<div>Gr\u00e2ce \u00e0 <strong>Resale Components<\/strong>, <strong>J&rsquo;aime les gens d&rsquo;ici<\/strong>, <strong>Alpes batteries<\/strong> et \u00e0 l&rsquo;<strong>Association des Collecteurs de D\u00e9chets Chablaisiens<\/strong>, donnez pour la plan\u00e8te !<\/div>\n<\/div>\n<div><\/div>\n<div><\/div>\n","protected":false},"excerpt":{"rendered":"<p>J&rsquo;aime les gens d&rsquo;ici, soucieux de sensibiliser tous les publics, ont mis en place des ruches p\u00e9dagogiques pour les enfants, avec fen\u00eatre en verre, pour des classes de CM1, coll\u00e8ge et lyc\u00e9e. Il s\u2019agit de d\u00e9velopper des partenariats avec les \u00e9coles pour des ateliers d\u00e9couverte du m\u00e9tier d\u2019apiculteur, de sensibiliser les nouvelles g\u00e9n\u00e9rations \u00e0 leur environnement naturel, la faune, la&hellip;<\/p>\n","protected":false},"author":2906,"featured_media":16934,"comment_status":"closed","ping_status":"closed","sticky":false,"template":"","format":"standard","meta":{"footnotes":""},"categories":[5],"tags":[],"_links":{"self":[{"href":"https:\/\/www.les-black-panthers.org\/FootUS\/wp-json\/wp\/v2\/posts\/16933"}],"collection":[{"href":"https:\/\/www.les-black-panthers.org\/FootUS\/wp-json\/wp\/v2\/posts"}],"about":[{"href":"https:\/\/www.les-black-panthers.org\/FootUS\/wp-json\/wp\/v2\/types\/post"}],"author":[{"embeddable":true,"href":"https:\/\/www.les-black-panthers.org\/FootUS\/wp-json\/wp\/v2\/users\/2906"}],"replies":[{"embeddable":true,"href":"https:\/\/www.les-black-panthers.org\/FootUS\/wp-json\/wp\/v2\/comments?post=16933"}],"version-history":[{"count":13,"href":"https:\/\/www.les-black-panthers.org\/FootUS\/wp-json\/wp\/v2\/posts\/16933\/revisions"}],"predecessor-version":[{"id":16951,"href":"https:\/\/www.les-black-panthers.org\/FootUS\/wp-json\/wp\/v2\/posts\/16933\/revisions\/16951"}],"wp:featuredmedia":[{"embeddable":true,"href":"https:\/\/www.les-black-panthers.org\/FootUS\/wp-json\/wp\/v2\/media\/16934"}],"wp:attachment":[{"href":"https:\/\/www.les-black-panthers.org\/FootUS\/wp-json\/wp\/v2\/media?parent=16933"}],"wp:term":[{"taxonomy":"category","embeddable":true,"href":"https:\/\/www.les-black-panthers.org\/FootUS\/wp-json\/wp\/v2\/categories?post=16933"},{"taxonomy":"post_tag","embeddable":true,"href":"https:\/\/www.les-black-panthers.org\/FootUS\/wp-json\/wp\/v2\/tags?post=16933"}],"curies":[{"name":"wp","href":"https:\/\/api.w.org\/{rel}","templated":true}]}}