{"id":15121,"date":"2023-06-13T04:59:55","date_gmt":"2023-06-13T03:59:55","guid":{"rendered":"https:\/\/www.les-black-panthers.org\/FootUS\/?p=15121"},"modified":"2023-12-14T16:28:42","modified_gmt":"2023-12-14T15:28:42","slug":"finale-cefl-flash-black-panthers-a-la-courneuve","status":"publish","type":"post","link":"https:\/\/www.les-black-panthers.org\/FootUS\/finale-cefl-flash-black-panthers-a-la-courneuve\/","title":{"rendered":"FINALE CEFL : FLASH &#8211; BLACK PANTHERS \u00e0 La COURNEUVE"},"content":{"rendered":"<p><strong>Historique : Une finale Europ\u00e9enne 100% Fran\u00e7aise le 24 juin prochain.<\/strong><\/p>\n<p>Flash de La Courneuve face aux Black Panthers de Thonon, un \u00ab\u00a0classico\u00a0\u00bb du championnat ELITE, mais cette fois ci pour le titre Europ\u00e9en, une premi\u00e8re dans l&rsquo;histoire du foot US Fran\u00e7ais.<\/p>\n<p>Cette finale, aura lieu \u00e0 La Courneuve, le 24 juin 2023 a 18h. Plus d&rsquo;information prochainement.<\/p>\n","protected":false},"excerpt":{"rendered":"<p>Historique : Une finale Europ\u00e9enne 100% Fran\u00e7aise le 24 juin prochain. Flash de La Courneuve face aux Black Panthers de Thonon, un \u00ab\u00a0classico\u00a0\u00bb du championnat ELITE, mais cette fois ci pour le titre Europ\u00e9en, une premi\u00e8re dans l&rsquo;histoire du foot US Fran\u00e7ais. Cette finale, aura lieu \u00e0 La Courneuve, le 24 juin 2023 a 18h. Plus d&rsquo;information prochainement.<\/p>\n","protected":false},"author":2,"featured_media":15122,"comment_status":"closed","ping_status":"open","sticky":false,"template":"","format":"standard","meta":{"footnotes":""},"categories":[5,6],"tags":[],"_links":{"self":[{"href":"https:\/\/www.les-black-panthers.org\/FootUS\/wp-json\/wp\/v2\/posts\/15121"}],"collection":[{"href":"https:\/\/www.les-black-panthers.org\/FootUS\/wp-json\/wp\/v2\/posts"}],"about":[{"href":"https:\/\/www.les-black-panthers.org\/FootUS\/wp-json\/wp\/v2\/types\/post"}],"author":[{"embeddable":true,"href":"https:\/\/www.les-black-panthers.org\/FootUS\/wp-json\/wp\/v2\/users\/2"}],"replies":[{"embeddable":true,"href":"https:\/\/www.les-black-panthers.org\/FootUS\/wp-json\/wp\/v2\/comments?post=15121"}],"version-history":[{"count":1,"href":"https:\/\/www.les-black-panthers.org\/FootUS\/wp-json\/wp\/v2\/posts\/15121\/revisions"}],"predecessor-version":[{"id":15123,"href":"https:\/\/www.les-black-panthers.org\/FootUS\/wp-json\/wp\/v2\/posts\/15121\/revisions\/15123"}],"wp:featuredmedia":[{"embeddable":true,"href":"https:\/\/www.les-black-panthers.org\/FootUS\/wp-json\/wp\/v2\/media\/15122"}],"wp:attachment":[{"href":"https:\/\/www.les-black-panthers.org\/FootUS\/wp-json\/wp\/v2\/media?parent=15121"}],"wp:term":[{"taxonomy":"category","embeddable":true,"href":"https:\/\/www.les-black-panthers.org\/FootUS\/wp-json\/wp\/v2\/categories?post=15121"},{"taxonomy":"post_tag","embeddable":true,"href":"https:\/\/www.les-black-panthers.org\/FootUS\/wp-json\/wp\/v2\/tags?post=15121"}],"curies":[{"name":"wp","href":"https:\/\/api.w.org\/{rel}","templated":true}]}}