{"id":1163,"date":"2016-01-28T13:49:25","date_gmt":"2016-01-28T12:49:25","guid":{"rendered":"http:\/\/www.les-black-panthers.org\/FootUS\/?p=1163"},"modified":"2024-01-16T11:12:38","modified_gmt":"2024-01-16T10:12:38","slug":"itw-de-fabien-ducousso-head-coach-u19","status":"publish","type":"post","link":"https:\/\/www.les-black-panthers.org\/FootUS\/itw-de-fabien-ducousso-head-coach-u19\/","title":{"rendered":"ITW de Fabien DUCOUSSO, Head Coach U19"},"content":{"rendered":"<p><strong>Bonjour Hippo, peux-tu nous faire un rapide bilan de la\u00a0saison 2014-2015.\u00a0<\/strong><\/p>\n<p>Grace \u00e0 l\u2019arriv\u00e9e de plusieurs nouveaux en intersaison, et\u00a0de la mont\u00e9e de toute une g\u00e9n\u00e9ration de U16 champion de\u00a0France, la saison pass\u00e9e a vu le retour du jeu \u00e0 11 en U19 .<br \/>\nNous finissons la saison r\u00e9guli\u00e8re avec une fiche de 5 victoires\u00a0et 1 d\u00e9faite nous classant 2e de la Poule. Pour le match des\u00a08e de finale nous nous d\u00e9pla\u00e7ons \u00e0 Aix en Provence ou nous\u00a0\u00e9chouons de peu lors d\u2019un match face aux Argonautes qui\u00a0aura un petit go\u00fbt amer ; le collectif U19 n\u2019ayant pas produit\u00a0un jeu \u00e0 son niveau et faisant se terminer une saison qui aurait\u00a0pu aller plus loin.<br \/>\n<strong>La saison 2015-2016 est en cours. Y a-t-il eu beaucoup\u00a0de changement pendant l\u2019inter-saison ?<\/strong><br \/>\nL\u2019inter-saison a \u00e9t\u00e9 compliqu\u00e9e. 24 des 31 joueurs qui composaient\u00a0l\u2019\u00e9quipe 2014-2015 ne font plus partie du collectif\u00a0de cette ann\u00e9e. Pour comprendre cela il faut s\u2019int\u00e9resser aux\u00a0raisons de ces d\u00e9parts :<br \/>\n11 d\u2019entre eux n\u2019\u00e9taient plus \u00e9ligibles et montaient en\u00a0cat\u00e9gorie sup\u00e9rieure (9 ont quitt\u00e9 Thonon pour leurs\u00a0\u00e9tudes, dont 2 partis au Qu\u00e9bec).<br \/>\n9 joueurs encore \u00e9ligibles ont eux aussi quitt\u00e9 Thonon\u00a0pour continuer leurs \u00e9tudes dans des villes universitaires\u00a0(dont 2 au Qu\u00e9bec).<br \/>\n4 joueurs ont simplement d\u00e9cid\u00e9 d\u2019arr\u00eater pour des\u00a0raisons personnelles.<br \/>\nAvec un groupe diminu\u00e9 (7 anciens U19, 3 anciens U16 montantde cat\u00e9gorie), nous avons d\u00fb recruter un maximum de<br \/>\njoueurs pour nous permettre d\u2019avoir un groupe suffisant.\u00a0Une douzaine de nouveaux est arriv\u00e9e et nous a permis de<br \/>\nnous inscrire en championnat.\u00a0Le nombre de joueurs n\u2019\u00e9tant pas suffisants pour rester en\u00a0jeu \u00e0 11, il a donc \u00e9t\u00e9 d\u00e9cid\u00e9 de revenir \u00e0 du jeu \u00e0 9 pour la<br \/>\nsaison 2015-2016.<\/p>\n<p><strong>Le coaching staff a lui aussi \u00e9t\u00e9 remani\u00e9 ?<\/strong><br \/>\nEn Partie. Mathieu BRUGIERE (Ancien coordo Offensif) est\u00a0retourn\u00e9 en r\u00e9gion parisienne pour des raisons personnelles.<br \/>\nJean-Fran\u00e7ois RICHARD (Ancien assistant Offensif) a du\u00a0arr\u00eater pour des raisons professionnelles. Je les remercie\u00a0d\u2019ailleurs tous les deux pour ces 2 ann\u00e9es de coaching pass\u00e9es\u00a0ensemble. \u00a0Julien SACHE (OL en Elite) reste dans le staff. Il continuera \u00e0\u00a0s\u2019occuper des joueurs de ligne et se formera tout au long de\u00a0la saison afin de pouvoir coordonner l\u2019attaque prochainement. \u00a0Un petit nouveau nous rejoint. Jules FORNAGE (DB\/K en\u00a0Elite). Il aura la t\u00e2che de s\u2019occuper des demi-d\u00e9fensifs et des\u00a0receveurs ainsi que des kickers.<br \/>\nPour ma part, je coordonnerai des 2 c\u00f4t\u00e9s du ballon et j\u2019entra\u00eenerai\u00a0les running back et les linebackers.<\/p>\n<p><strong>Quelles sont vos objectifs pour cette nouvelle saison ?<\/strong><br \/>\nLes m\u00eames que chaque ann\u00e9e. Former des joueurs de Foot.\u00a0Quel que soit le nombre de joueurs dans l\u2019\u00e9quipe, le but premier\u00a0est la formation de ces joueurs afin qu\u2019ils puissent se\u00a0d\u00e9velopper physiquement et techniquement, pour ensuite\u00a0pourvoir int\u00e9grer notre \u00e9quipe Elite (si leur parcours professionnel\u00a0ou universitaire le leur permet).<br \/>\nIl n\u2019y a pas d\u2019obligation de r\u00e9sultat. Pour reprendre les\u00a0mots de Larry Legault (ancien directeur sportif du club) :<br \/>\n\u00ab la victoire est le r\u00e9sultat du travail effectu\u00e9 \u00e0 l\u2019entra\u00eenement.\u00a0Il n\u2019est pas le but \u00e0 atteindre \u00bb.<\/p>\n","protected":false},"excerpt":{"rendered":"<p>Bonjour Hippo, peux-tu nous faire un rapide bilan de la\u00a0saison 2014-2015.\u00a0 Grace \u00e0 l\u2019arriv\u00e9e de plusieurs nouveaux en intersaison, et\u00a0de la mont\u00e9e de toute une g\u00e9n\u00e9ration de U16 champion de\u00a0France, la saison pass\u00e9e a vu le retour du jeu \u00e0 11 en U19 . Nous finissons la saison r\u00e9guli\u00e8re avec une fiche de 5 victoires\u00a0et 1 d\u00e9faite nous classant 2e&hellip;<\/p>\n","protected":false},"author":2,"featured_media":1164,"comment_status":"closed","ping_status":"closed","sticky":false,"template":"","format":"standard","meta":{"footnotes":""},"categories":[7],"tags":[],"_links":{"self":[{"href":"https:\/\/www.les-black-panthers.org\/FootUS\/wp-json\/wp\/v2\/posts\/1163"}],"collection":[{"href":"https:\/\/www.les-black-panthers.org\/FootUS\/wp-json\/wp\/v2\/posts"}],"about":[{"href":"https:\/\/www.les-black-panthers.org\/FootUS\/wp-json\/wp\/v2\/types\/post"}],"author":[{"embeddable":true,"href":"https:\/\/www.les-black-panthers.org\/FootUS\/wp-json\/wp\/v2\/users\/2"}],"replies":[{"embeddable":true,"href":"https:\/\/www.les-black-panthers.org\/FootUS\/wp-json\/wp\/v2\/comments?post=1163"}],"version-history":[{"count":1,"href":"https:\/\/www.les-black-panthers.org\/FootUS\/wp-json\/wp\/v2\/posts\/1163\/revisions"}],"predecessor-version":[{"id":1165,"href":"https:\/\/www.les-black-panthers.org\/FootUS\/wp-json\/wp\/v2\/posts\/1163\/revisions\/1165"}],"wp:featuredmedia":[{"embeddable":true,"href":"https:\/\/www.les-black-panthers.org\/FootUS\/wp-json\/wp\/v2\/media\/1164"}],"wp:attachment":[{"href":"https:\/\/www.les-black-panthers.org\/FootUS\/wp-json\/wp\/v2\/media?parent=1163"}],"wp:term":[{"taxonomy":"category","embeddable":true,"href":"https:\/\/www.les-black-panthers.org\/FootUS\/wp-json\/wp\/v2\/categories?post=1163"},{"taxonomy":"post_tag","embeddable":true,"href":"https:\/\/www.les-black-panthers.org\/FootUS\/wp-json\/wp\/v2\/tags?post=1163"}],"curies":[{"name":"wp","href":"https:\/\/api.w.org\/{rel}","templated":true}]}}