{"id":11579,"date":"2021-11-03T09:31:29","date_gmt":"2021-11-03T08:31:29","guid":{"rendered":"https:\/\/www.les-black-panthers.org\/FootUS\/?p=11579"},"modified":"2023-12-14T15:45:19","modified_gmt":"2023-12-14T14:45:19","slug":"depart-clark-evans-ne-sera-pas-le-quarterback-des-panthers-en-2022","status":"publish","type":"post","link":"https:\/\/www.les-black-panthers.org\/FootUS\/depart-clark-evans-ne-sera-pas-le-quarterback-des-panthers-en-2022\/","title":{"rendered":"D\u00e9part : Clark EVANS ne sera pas le Quarterback des Panthers en 2022"},"content":{"rendered":"<p><strong>D\u00e9part : Clark EVANS ne sera pas le Quarterback des Panthers en 2022<\/strong><\/p>\n<p><strong>Clark EVANS<\/strong> avait pos\u00e9 ses valises \u00e0 Thonon en Janvier 2019 ou il occupera le poste de Quarterback, avec succ\u00e8s, puisqu&rsquo;il sera rapidement le leader \u00e0 son poste dans le championnat ELITE 2019 et m\u00eame MVP de cette derni\u00e8re saison.<\/p>\n<p>D&rsquo;ailleurs le quarterback am\u00e9ricain, sera un maillon ind\u00e9niable qui am\u00e8nera l&rsquo;\u00e9quipe de Coach HIPPO au titre national le \u00ab\u00a0<strong>Casque de Diamant 2019<\/strong>\u00ab\u00a0.<\/p>\n<p>Clark EVANS souhaitait s&rsquo;\u00e9tablir en Europe et \u00e0 Thonon sur le long terme. Re-sign\u00e9 en 2020; mais avec une saison \u00e9court\u00e9e apr\u00e8s trois matchs (trois victoires) en raison de la pand\u00e9mie, il d\u00e9cide de rempiler en 2021&#8230; qui sera finalement une saison blanche en France, toujours \u00e0 cause de la COVID-19. Avec l&rsquo;accord du club, il rejoint en mars dernier les Grizzlies de Bern ou il se hissera jusqu&rsquo;en finale Suisse.<\/p>\n<p>Mari\u00e9 \u00e0 une Suissesse depuis peu, Clark EVANS \u00e0 longtemps h\u00e9sit\u00e9 entre un retour \u00e0 Thonon en 2022, ou de poursuivre \u00e0 Bern plus proche de sa famille.<br \/>\nIl fait donc le difficile choix de rester \u00e0 Bern pour poursuivre sa carri\u00e8re.<\/p>\n<p>Benoit SIROUET; pr\u00e9sident indique <em>\u00ab\u00a0Clark EVANS a su faire sa place dans le c\u0153ur des fans Thononais; un homme engag\u00e9 et tr\u00e8s respectueux; nous sommes fiers de l&rsquo;avoir eu \u00e0 nos c\u00f4t\u00e9s; il a beaucoup\u00a0apport\u00e9 au club\u00a0\u00bb <\/em><\/p>\n<p>Nous lui souhaitons bonne chance et du succ\u00e8s pour la suite #WIN<\/p>\n<p>Les Black Panthers annonceront le recrutement d&rsquo;un nouveau Quarterback pour la saison 2022, d&rsquo;ici quelques jours.<\/p>\n<p>Pour conclure, Clark\u00a0 \u00e0 souhait\u00e9 adresser un mot aux dirigeants, b\u00e9n\u00e9voles, coachs, fans pour annoncer son d\u00e9part.<\/p>\n<p><a href=\"https:\/\/www.les-black-panthers.org\/FootUS\/wp-content\/uploads\/2021\/11\/IMG-20200403-WA0029.jpg\"><img loading=\"lazy\" decoding=\"async\" class=\" wp-image-11591 alignleft\" src=\"https:\/\/www.les-black-panthers.org\/FootUS\/wp-content\/uploads\/2021\/11\/IMG-20200403-WA0029-300x200.jpg\" alt=\"\" width=\"414\" height=\"276\" srcset=\"https:\/\/www.les-black-panthers.org\/FootUS\/wp-content\/uploads\/2021\/11\/IMG-20200403-WA0029-300x200.jpg 300w, https:\/\/www.les-black-panthers.org\/FootUS\/wp-content\/uploads\/2021\/11\/IMG-20200403-WA0029-768x512.jpg 768w, https:\/\/www.les-black-panthers.org\/FootUS\/wp-content\/uploads\/2021\/11\/IMG-20200403-WA0029-128x85.jpg 128w, https:\/\/www.les-black-panthers.org\/FootUS\/wp-content\/uploads\/2021\/11\/IMG-20200403-WA0029-32x21.jpg 32w, https:\/\/www.les-black-panthers.org\/FootUS\/wp-content\/uploads\/2021\/11\/IMG-20200403-WA0029-400x267.jpg 400w, https:\/\/www.les-black-panthers.org\/FootUS\/wp-content\/uploads\/2021\/11\/IMG-20200403-WA0029-450x300.jpg 450w, https:\/\/www.les-black-panthers.org\/FootUS\/wp-content\/uploads\/2021\/11\/IMG-20200403-WA0029.jpg 1000w\" sizes=\"(max-width: 414px) 100vw, 414px\" \/><\/a><em>\u00ab\u00a0To all the Volunteers, staff, coaches, players, Ben and the Sirouet Family, Xavi and everyone else in the Black Panthers Family, I would like to thank you for everything over the past 3 years.<\/em><\/p>\n<p><em>The Black Panthers organization has helped me grow so much, teaching me lessons I will hold onto for a lifetime. <\/em><br \/>\n<em>Thank you for allowing me to be a part of building a championship culture,\u00a0 I am very grateful for the opportunity and know this organization will continue to do great things.<\/em><\/p>\n<p><em>I have made the difficult decision to continue my playing career in Switzerland for the Bern Grizzlies. This decision was one of the hardest I have ever had to make, it came down to what was best for my family and I. <\/em><br \/>\n<em>Although my football journey will take us on separate paths I will always love and cherish my time with the Thonon Black Panther Family and am a Black Panther for life.\u00a0\u00bb<\/em><\/p>\n<p>Truly thank you for everything<\/p>\n<p>Sincerely,<br \/>\nLe Montagnard &#8211;\u00a0Clark Evans<\/p>\n<p>&nbsp;<\/p>\n<div id='gallery-1' class='gallery galleryid-11579 gallery-columns-3 gallery-size-thumbnail'><figure class='gallery-item'>\n\t\t\t<div class='gallery-icon landscape'>\n\t\t\t\t<a href='https:\/\/www.les-black-panthers.org\/FootUS\/depart-clark-evans-ne-sera-pas-le-quarterback-des-panthers-en-2022\/img-20200403-wa0043-2\/'><img loading=\"lazy\" decoding=\"async\" width=\"150\" height=\"150\" src=\"https:\/\/www.les-black-panthers.org\/FootUS\/wp-content\/uploads\/2021\/11\/IMG-20200403-WA0043-150x150.jpg\" class=\"attachment-thumbnail size-thumbnail\" alt=\"\" srcset=\"https:\/\/www.les-black-panthers.org\/FootUS\/wp-content\/uploads\/2021\/11\/IMG-20200403-WA0043-150x150.jpg 150w, https:\/\/www.les-black-panthers.org\/FootUS\/wp-content\/uploads\/2021\/11\/IMG-20200403-WA0043-300x300.jpg 300w, https:\/\/www.les-black-panthers.org\/FootUS\/wp-content\/uploads\/2021\/11\/IMG-20200403-WA0043-180x180.jpg 180w, https:\/\/www.les-black-panthers.org\/FootUS\/wp-content\/uploads\/2021\/11\/IMG-20200403-WA0043-600x600.jpg 600w\" sizes=\"(max-width: 150px) 100vw, 150px\" \/><\/a>\n\t\t\t<\/div><\/figure><figure class='gallery-item'>\n\t\t\t<div class='gallery-icon landscape'>\n\t\t\t\t<a href='https:\/\/www.les-black-panthers.org\/FootUS\/depart-clark-evans-ne-sera-pas-le-quarterback-des-panthers-en-2022\/img-20200403-wa0044-2\/'><img loading=\"lazy\" decoding=\"async\" width=\"150\" height=\"150\" src=\"https:\/\/www.les-black-panthers.org\/FootUS\/wp-content\/uploads\/2021\/11\/IMG-20200403-WA0044-150x150.jpg\" class=\"attachment-thumbnail size-thumbnail\" alt=\"\" srcset=\"https:\/\/www.les-black-panthers.org\/FootUS\/wp-content\/uploads\/2021\/11\/IMG-20200403-WA0044-150x150.jpg 150w, https:\/\/www.les-black-panthers.org\/FootUS\/wp-content\/uploads\/2021\/11\/IMG-20200403-WA0044-300x300.jpg 300w, https:\/\/www.les-black-panthers.org\/FootUS\/wp-content\/uploads\/2021\/11\/IMG-20200403-WA0044-180x180.jpg 180w, https:\/\/www.les-black-panthers.org\/FootUS\/wp-content\/uploads\/2021\/11\/IMG-20200403-WA0044-600x600.jpg 600w\" sizes=\"(max-width: 150px) 100vw, 150px\" \/><\/a>\n\t\t\t<\/div><\/figure><figure class='gallery-item'>\n\t\t\t<div class='gallery-icon landscape'>\n\t\t\t\t<a href='https:\/\/www.les-black-panthers.org\/FootUS\/depart-clark-evans-ne-sera-pas-le-quarterback-des-panthers-en-2022\/img-20200403-wa0045-2\/'><img loading=\"lazy\" decoding=\"async\" width=\"150\" height=\"150\" src=\"https:\/\/www.les-black-panthers.org\/FootUS\/wp-content\/uploads\/2021\/11\/IMG-20200403-WA0045-150x150.jpg\" class=\"attachment-thumbnail size-thumbnail\" alt=\"\" srcset=\"https:\/\/www.les-black-panthers.org\/FootUS\/wp-content\/uploads\/2021\/11\/IMG-20200403-WA0045-150x150.jpg 150w, https:\/\/www.les-black-panthers.org\/FootUS\/wp-content\/uploads\/2021\/11\/IMG-20200403-WA0045-300x300.jpg 300w, https:\/\/www.les-black-panthers.org\/FootUS\/wp-content\/uploads\/2021\/11\/IMG-20200403-WA0045-180x180.jpg 180w, https:\/\/www.les-black-panthers.org\/FootUS\/wp-content\/uploads\/2021\/11\/IMG-20200403-WA0045-600x600.jpg 600w\" sizes=\"(max-width: 150px) 100vw, 150px\" \/><\/a>\n\t\t\t<\/div><\/figure><figure class='gallery-item'>\n\t\t\t<div class='gallery-icon landscape'>\n\t\t\t\t<a href='https:\/\/www.les-black-panthers.org\/FootUS\/depart-clark-evans-ne-sera-pas-le-quarterback-des-panthers-en-2022\/img-20200403-wa0046-2\/'><img loading=\"lazy\" decoding=\"async\" width=\"150\" height=\"150\" src=\"https:\/\/www.les-black-panthers.org\/FootUS\/wp-content\/uploads\/2021\/11\/IMG-20200403-WA0046-150x150.jpg\" class=\"attachment-thumbnail size-thumbnail\" alt=\"\" srcset=\"https:\/\/www.les-black-panthers.org\/FootUS\/wp-content\/uploads\/2021\/11\/IMG-20200403-WA0046-150x150.jpg 150w, https:\/\/www.les-black-panthers.org\/FootUS\/wp-content\/uploads\/2021\/11\/IMG-20200403-WA0046-300x300.jpg 300w, https:\/\/www.les-black-panthers.org\/FootUS\/wp-content\/uploads\/2021\/11\/IMG-20200403-WA0046-180x180.jpg 180w, https:\/\/www.les-black-panthers.org\/FootUS\/wp-content\/uploads\/2021\/11\/IMG-20200403-WA0046-600x600.jpg 600w\" sizes=\"(max-width: 150px) 100vw, 150px\" \/><\/a>\n\t\t\t<\/div><\/figure><figure class='gallery-item'>\n\t\t\t<div class='gallery-icon landscape'>\n\t\t\t\t<a href='https:\/\/www.les-black-panthers.org\/FootUS\/depart-clark-evans-ne-sera-pas-le-quarterback-des-panthers-en-2022\/img-20200403-wa0047-2\/'><img loading=\"lazy\" decoding=\"async\" width=\"150\" height=\"150\" src=\"https:\/\/www.les-black-panthers.org\/FootUS\/wp-content\/uploads\/2021\/11\/IMG-20200403-WA0047-150x150.jpg\" class=\"attachment-thumbnail size-thumbnail\" alt=\"\" srcset=\"https:\/\/www.les-black-panthers.org\/FootUS\/wp-content\/uploads\/2021\/11\/IMG-20200403-WA0047-150x150.jpg 150w, https:\/\/www.les-black-panthers.org\/FootUS\/wp-content\/uploads\/2021\/11\/IMG-20200403-WA0047-300x300.jpg 300w, https:\/\/www.les-black-panthers.org\/FootUS\/wp-content\/uploads\/2021\/11\/IMG-20200403-WA0047-180x180.jpg 180w, https:\/\/www.les-black-panthers.org\/FootUS\/wp-content\/uploads\/2021\/11\/IMG-20200403-WA0047-600x600.jpg 600w\" sizes=\"(max-width: 150px) 100vw, 150px\" \/><\/a>\n\t\t\t<\/div><\/figure><figure class='gallery-item'>\n\t\t\t<div class='gallery-icon landscape'>\n\t\t\t\t<a href='https:\/\/www.les-black-panthers.org\/FootUS\/depart-clark-evans-ne-sera-pas-le-quarterback-des-panthers-en-2022\/img-20200403-wa0048-2\/'><img loading=\"lazy\" decoding=\"async\" width=\"150\" height=\"150\" src=\"https:\/\/www.les-black-panthers.org\/FootUS\/wp-content\/uploads\/2021\/11\/IMG-20200403-WA0048-150x150.jpg\" class=\"attachment-thumbnail size-thumbnail\" alt=\"\" srcset=\"https:\/\/www.les-black-panthers.org\/FootUS\/wp-content\/uploads\/2021\/11\/IMG-20200403-WA0048-150x150.jpg 150w, https:\/\/www.les-black-panthers.org\/FootUS\/wp-content\/uploads\/2021\/11\/IMG-20200403-WA0048-300x300.jpg 300w, https:\/\/www.les-black-panthers.org\/FootUS\/wp-content\/uploads\/2021\/11\/IMG-20200403-WA0048-180x180.jpg 180w, https:\/\/www.les-black-panthers.org\/FootUS\/wp-content\/uploads\/2021\/11\/IMG-20200403-WA0048-600x600.jpg 600w\" sizes=\"(max-width: 150px) 100vw, 150px\" \/><\/a>\n\t\t\t<\/div><\/figure><figure class='gallery-item'>\n\t\t\t<div class='gallery-icon landscape'>\n\t\t\t\t<a href='https:\/\/www.les-black-panthers.org\/FootUS\/depart-clark-evans-ne-sera-pas-le-quarterback-des-panthers-en-2022\/img-20200403-wa0049-2\/'><img loading=\"lazy\" decoding=\"async\" width=\"150\" height=\"150\" src=\"https:\/\/www.les-black-panthers.org\/FootUS\/wp-content\/uploads\/2021\/11\/IMG-20200403-WA0049-150x150.jpg\" class=\"attachment-thumbnail size-thumbnail\" alt=\"\" srcset=\"https:\/\/www.les-black-panthers.org\/FootUS\/wp-content\/uploads\/2021\/11\/IMG-20200403-WA0049-150x150.jpg 150w, https:\/\/www.les-black-panthers.org\/FootUS\/wp-content\/uploads\/2021\/11\/IMG-20200403-WA0049-300x300.jpg 300w, https:\/\/www.les-black-panthers.org\/FootUS\/wp-content\/uploads\/2021\/11\/IMG-20200403-WA0049-180x180.jpg 180w, https:\/\/www.les-black-panthers.org\/FootUS\/wp-content\/uploads\/2021\/11\/IMG-20200403-WA0049-600x600.jpg 600w\" sizes=\"(max-width: 150px) 100vw, 150px\" \/><\/a>\n\t\t\t<\/div><\/figure><figure class='gallery-item'>\n\t\t\t<div class='gallery-icon landscape'>\n\t\t\t\t<a href='https:\/\/www.les-black-panthers.org\/FootUS\/depart-clark-evans-ne-sera-pas-le-quarterback-des-panthers-en-2022\/img-20200403-wa0050-2\/'><img loading=\"lazy\" decoding=\"async\" width=\"150\" height=\"150\" src=\"https:\/\/www.les-black-panthers.org\/FootUS\/wp-content\/uploads\/2021\/11\/IMG-20200403-WA0050-150x150.jpg\" class=\"attachment-thumbnail size-thumbnail\" alt=\"\" srcset=\"https:\/\/www.les-black-panthers.org\/FootUS\/wp-content\/uploads\/2021\/11\/IMG-20200403-WA0050-150x150.jpg 150w, https:\/\/www.les-black-panthers.org\/FootUS\/wp-content\/uploads\/2021\/11\/IMG-20200403-WA0050-300x300.jpg 300w, https:\/\/www.les-black-panthers.org\/FootUS\/wp-content\/uploads\/2021\/11\/IMG-20200403-WA0050-180x180.jpg 180w, https:\/\/www.les-black-panthers.org\/FootUS\/wp-content\/uploads\/2021\/11\/IMG-20200403-WA0050-600x600.jpg 600w\" sizes=\"(max-width: 150px) 100vw, 150px\" \/><\/a>\n\t\t\t<\/div><\/figure><figure class='gallery-item'>\n\t\t\t<div class='gallery-icon landscape'>\n\t\t\t\t<a href='https:\/\/www.les-black-panthers.org\/FootUS\/depart-clark-evans-ne-sera-pas-le-quarterback-des-panthers-en-2022\/img-20200403-wa0051-2\/'><img loading=\"lazy\" decoding=\"async\" width=\"150\" height=\"150\" src=\"https:\/\/www.les-black-panthers.org\/FootUS\/wp-content\/uploads\/2021\/11\/IMG-20200403-WA0051-150x150.jpg\" class=\"attachment-thumbnail size-thumbnail\" alt=\"\" srcset=\"https:\/\/www.les-black-panthers.org\/FootUS\/wp-content\/uploads\/2021\/11\/IMG-20200403-WA0051-150x150.jpg 150w, https:\/\/www.les-black-panthers.org\/FootUS\/wp-content\/uploads\/2021\/11\/IMG-20200403-WA0051-300x300.jpg 300w, https:\/\/www.les-black-panthers.org\/FootUS\/wp-content\/uploads\/2021\/11\/IMG-20200403-WA0051-180x180.jpg 180w, https:\/\/www.les-black-panthers.org\/FootUS\/wp-content\/uploads\/2021\/11\/IMG-20200403-WA0051-600x600.jpg 600w\" sizes=\"(max-width: 150px) 100vw, 150px\" \/><\/a>\n\t\t\t<\/div><\/figure><figure class='gallery-item'>\n\t\t\t<div class='gallery-icon landscape'>\n\t\t\t\t<a href='https:\/\/www.les-black-panthers.org\/FootUS\/depart-clark-evans-ne-sera-pas-le-quarterback-des-panthers-en-2022\/img-20200403-wa0027-2\/'><img loading=\"lazy\" decoding=\"async\" width=\"150\" height=\"150\" src=\"https:\/\/www.les-black-panthers.org\/FootUS\/wp-content\/uploads\/2021\/11\/IMG-20200403-WA0027-150x150.jpg\" class=\"attachment-thumbnail size-thumbnail\" alt=\"\" srcset=\"https:\/\/www.les-black-panthers.org\/FootUS\/wp-content\/uploads\/2021\/11\/IMG-20200403-WA0027-150x150.jpg 150w, https:\/\/www.les-black-panthers.org\/FootUS\/wp-content\/uploads\/2021\/11\/IMG-20200403-WA0027-300x300.jpg 300w, https:\/\/www.les-black-panthers.org\/FootUS\/wp-content\/uploads\/2021\/11\/IMG-20200403-WA0027-180x180.jpg 180w, https:\/\/www.les-black-panthers.org\/FootUS\/wp-content\/uploads\/2021\/11\/IMG-20200403-WA0027-600x600.jpg 600w\" sizes=\"(max-width: 150px) 100vw, 150px\" \/><\/a>\n\t\t\t<\/div><\/figure><figure class='gallery-item'>\n\t\t\t<div class='gallery-icon landscape'>\n\t\t\t\t<a href='https:\/\/www.les-black-panthers.org\/FootUS\/depart-clark-evans-ne-sera-pas-le-quarterback-des-panthers-en-2022\/img-20200403-wa0028-2\/'><img loading=\"lazy\" decoding=\"async\" width=\"150\" height=\"150\" src=\"https:\/\/www.les-black-panthers.org\/FootUS\/wp-content\/uploads\/2021\/11\/IMG-20200403-WA0028-150x150.jpg\" class=\"attachment-thumbnail size-thumbnail\" alt=\"\" srcset=\"https:\/\/www.les-black-panthers.org\/FootUS\/wp-content\/uploads\/2021\/11\/IMG-20200403-WA0028-150x150.jpg 150w, https:\/\/www.les-black-panthers.org\/FootUS\/wp-content\/uploads\/2021\/11\/IMG-20200403-WA0028-300x300.jpg 300w, https:\/\/www.les-black-panthers.org\/FootUS\/wp-content\/uploads\/2021\/11\/IMG-20200403-WA0028-180x180.jpg 180w, https:\/\/www.les-black-panthers.org\/FootUS\/wp-content\/uploads\/2021\/11\/IMG-20200403-WA0028-600x600.jpg 600w\" sizes=\"(max-width: 150px) 100vw, 150px\" \/><\/a>\n\t\t\t<\/div><\/figure><figure class='gallery-item'>\n\t\t\t<div class='gallery-icon landscape'>\n\t\t\t\t<a href='https:\/\/www.les-black-panthers.org\/FootUS\/depart-clark-evans-ne-sera-pas-le-quarterback-des-panthers-en-2022\/img-20200403-wa0029-2\/'><img loading=\"lazy\" decoding=\"async\" width=\"150\" height=\"150\" src=\"https:\/\/www.les-black-panthers.org\/FootUS\/wp-content\/uploads\/2021\/11\/IMG-20200403-WA0029-150x150.jpg\" class=\"attachment-thumbnail size-thumbnail\" alt=\"\" srcset=\"https:\/\/www.les-black-panthers.org\/FootUS\/wp-content\/uploads\/2021\/11\/IMG-20200403-WA0029-150x150.jpg 150w, https:\/\/www.les-black-panthers.org\/FootUS\/wp-content\/uploads\/2021\/11\/IMG-20200403-WA0029-300x300.jpg 300w, https:\/\/www.les-black-panthers.org\/FootUS\/wp-content\/uploads\/2021\/11\/IMG-20200403-WA0029-180x180.jpg 180w, https:\/\/www.les-black-panthers.org\/FootUS\/wp-content\/uploads\/2021\/11\/IMG-20200403-WA0029-600x600.jpg 600w\" sizes=\"(max-width: 150px) 100vw, 150px\" \/><\/a>\n\t\t\t<\/div><\/figure><figure class='gallery-item'>\n\t\t\t<div class='gallery-icon landscape'>\n\t\t\t\t<a href='https:\/\/www.les-black-panthers.org\/FootUS\/depart-clark-evans-ne-sera-pas-le-quarterback-des-panthers-en-2022\/img-20200403-wa0030-2\/'><img loading=\"lazy\" decoding=\"async\" width=\"150\" height=\"150\" src=\"https:\/\/www.les-black-panthers.org\/FootUS\/wp-content\/uploads\/2021\/11\/IMG-20200403-WA0030-150x150.jpg\" class=\"attachment-thumbnail size-thumbnail\" alt=\"\" srcset=\"https:\/\/www.les-black-panthers.org\/FootUS\/wp-content\/uploads\/2021\/11\/IMG-20200403-WA0030-150x150.jpg 150w, https:\/\/www.les-black-panthers.org\/FootUS\/wp-content\/uploads\/2021\/11\/IMG-20200403-WA0030-300x300.jpg 300w, https:\/\/www.les-black-panthers.org\/FootUS\/wp-content\/uploads\/2021\/11\/IMG-20200403-WA0030-180x180.jpg 180w, https:\/\/www.les-black-panthers.org\/FootUS\/wp-content\/uploads\/2021\/11\/IMG-20200403-WA0030-600x600.jpg 600w\" sizes=\"(max-width: 150px) 100vw, 150px\" \/><\/a>\n\t\t\t<\/div><\/figure><figure class='gallery-item'>\n\t\t\t<div class='gallery-icon landscape'>\n\t\t\t\t<a href='https:\/\/www.les-black-panthers.org\/FootUS\/depart-clark-evans-ne-sera-pas-le-quarterback-des-panthers-en-2022\/img-20200403-wa0031-2\/'><img loading=\"lazy\" decoding=\"async\" width=\"150\" height=\"150\" src=\"https:\/\/www.les-black-panthers.org\/FootUS\/wp-content\/uploads\/2021\/11\/IMG-20200403-WA0031-150x150.jpg\" class=\"attachment-thumbnail size-thumbnail\" alt=\"\" srcset=\"https:\/\/www.les-black-panthers.org\/FootUS\/wp-content\/uploads\/2021\/11\/IMG-20200403-WA0031-150x150.jpg 150w, https:\/\/www.les-black-panthers.org\/FootUS\/wp-content\/uploads\/2021\/11\/IMG-20200403-WA0031-300x300.jpg 300w, https:\/\/www.les-black-panthers.org\/FootUS\/wp-content\/uploads\/2021\/11\/IMG-20200403-WA0031-180x180.jpg 180w, https:\/\/www.les-black-panthers.org\/FootUS\/wp-content\/uploads\/2021\/11\/IMG-20200403-WA0031-600x600.jpg 600w\" sizes=\"(max-width: 150px) 100vw, 150px\" \/><\/a>\n\t\t\t<\/div><\/figure><figure class='gallery-item'>\n\t\t\t<div class='gallery-icon landscape'>\n\t\t\t\t<a href='https:\/\/www.les-black-panthers.org\/FootUS\/depart-clark-evans-ne-sera-pas-le-quarterback-des-panthers-en-2022\/img-20200403-wa0032-2\/'><img loading=\"lazy\" decoding=\"async\" width=\"150\" height=\"150\" src=\"https:\/\/www.les-black-panthers.org\/FootUS\/wp-content\/uploads\/2021\/11\/IMG-20200403-WA0032-150x150.jpg\" class=\"attachment-thumbnail size-thumbnail\" alt=\"\" srcset=\"https:\/\/www.les-black-panthers.org\/FootUS\/wp-content\/uploads\/2021\/11\/IMG-20200403-WA0032-150x150.jpg 150w, https:\/\/www.les-black-panthers.org\/FootUS\/wp-content\/uploads\/2021\/11\/IMG-20200403-WA0032-300x300.jpg 300w, https:\/\/www.les-black-panthers.org\/FootUS\/wp-content\/uploads\/2021\/11\/IMG-20200403-WA0032-180x180.jpg 180w, https:\/\/www.les-black-panthers.org\/FootUS\/wp-content\/uploads\/2021\/11\/IMG-20200403-WA0032-600x600.jpg 600w\" sizes=\"(max-width: 150px) 100vw, 150px\" \/><\/a>\n\t\t\t<\/div><\/figure><figure class='gallery-item'>\n\t\t\t<div class='gallery-icon landscape'>\n\t\t\t\t<a href='https:\/\/www.les-black-panthers.org\/FootUS\/depart-clark-evans-ne-sera-pas-le-quarterback-des-panthers-en-2022\/img-20200403-wa0033-2\/'><img loading=\"lazy\" decoding=\"async\" width=\"150\" height=\"150\" src=\"https:\/\/www.les-black-panthers.org\/FootUS\/wp-content\/uploads\/2021\/11\/IMG-20200403-WA0033-150x150.jpg\" class=\"attachment-thumbnail size-thumbnail\" alt=\"\" srcset=\"https:\/\/www.les-black-panthers.org\/FootUS\/wp-content\/uploads\/2021\/11\/IMG-20200403-WA0033-150x150.jpg 150w, https:\/\/www.les-black-panthers.org\/FootUS\/wp-content\/uploads\/2021\/11\/IMG-20200403-WA0033-300x300.jpg 300w, https:\/\/www.les-black-panthers.org\/FootUS\/wp-content\/uploads\/2021\/11\/IMG-20200403-WA0033-180x180.jpg 180w, https:\/\/www.les-black-panthers.org\/FootUS\/wp-content\/uploads\/2021\/11\/IMG-20200403-WA0033-600x600.jpg 600w\" sizes=\"(max-width: 150px) 100vw, 150px\" \/><\/a>\n\t\t\t<\/div><\/figure><figure class='gallery-item'>\n\t\t\t<div class='gallery-icon landscape'>\n\t\t\t\t<a href='https:\/\/www.les-black-panthers.org\/FootUS\/depart-clark-evans-ne-sera-pas-le-quarterback-des-panthers-en-2022\/img-20200403-wa0034-2\/'><img loading=\"lazy\" decoding=\"async\" width=\"150\" height=\"150\" src=\"https:\/\/www.les-black-panthers.org\/FootUS\/wp-content\/uploads\/2021\/11\/IMG-20200403-WA0034-150x150.jpg\" class=\"attachment-thumbnail size-thumbnail\" alt=\"\" srcset=\"https:\/\/www.les-black-panthers.org\/FootUS\/wp-content\/uploads\/2021\/11\/IMG-20200403-WA0034-150x150.jpg 150w, https:\/\/www.les-black-panthers.org\/FootUS\/wp-content\/uploads\/2021\/11\/IMG-20200403-WA0034-300x300.jpg 300w, https:\/\/www.les-black-panthers.org\/FootUS\/wp-content\/uploads\/2021\/11\/IMG-20200403-WA0034-180x180.jpg 180w, https:\/\/www.les-black-panthers.org\/FootUS\/wp-content\/uploads\/2021\/11\/IMG-20200403-WA0034-600x600.jpg 600w\" sizes=\"(max-width: 150px) 100vw, 150px\" \/><\/a>\n\t\t\t<\/div><\/figure><figure class='gallery-item'>\n\t\t\t<div class='gallery-icon landscape'>\n\t\t\t\t<a href='https:\/\/www.les-black-panthers.org\/FootUS\/depart-clark-evans-ne-sera-pas-le-quarterback-des-panthers-en-2022\/img-20200403-wa0035-2\/'><img loading=\"lazy\" decoding=\"async\" width=\"150\" height=\"150\" src=\"https:\/\/www.les-black-panthers.org\/FootUS\/wp-content\/uploads\/2021\/11\/IMG-20200403-WA0035-150x150.jpg\" class=\"attachment-thumbnail size-thumbnail\" alt=\"\" srcset=\"https:\/\/www.les-black-panthers.org\/FootUS\/wp-content\/uploads\/2021\/11\/IMG-20200403-WA0035-150x150.jpg 150w, https:\/\/www.les-black-panthers.org\/FootUS\/wp-content\/uploads\/2021\/11\/IMG-20200403-WA0035-300x300.jpg 300w, https:\/\/www.les-black-panthers.org\/FootUS\/wp-content\/uploads\/2021\/11\/IMG-20200403-WA0035-180x180.jpg 180w, https:\/\/www.les-black-panthers.org\/FootUS\/wp-content\/uploads\/2021\/11\/IMG-20200403-WA0035-600x600.jpg 600w\" sizes=\"(max-width: 150px) 100vw, 150px\" \/><\/a>\n\t\t\t<\/div><\/figure><figure class='gallery-item'>\n\t\t\t<div class='gallery-icon landscape'>\n\t\t\t\t<a href='https:\/\/www.les-black-panthers.org\/FootUS\/depart-clark-evans-ne-sera-pas-le-quarterback-des-panthers-en-2022\/img-20200403-wa0036-2\/'><img loading=\"lazy\" decoding=\"async\" width=\"150\" height=\"150\" src=\"https:\/\/www.les-black-panthers.org\/FootUS\/wp-content\/uploads\/2021\/11\/IMG-20200403-WA0036-150x150.jpg\" class=\"attachment-thumbnail size-thumbnail\" alt=\"\" srcset=\"https:\/\/www.les-black-panthers.org\/FootUS\/wp-content\/uploads\/2021\/11\/IMG-20200403-WA0036-150x150.jpg 150w, https:\/\/www.les-black-panthers.org\/FootUS\/wp-content\/uploads\/2021\/11\/IMG-20200403-WA0036-300x300.jpg 300w, https:\/\/www.les-black-panthers.org\/FootUS\/wp-content\/uploads\/2021\/11\/IMG-20200403-WA0036-180x180.jpg 180w, https:\/\/www.les-black-panthers.org\/FootUS\/wp-content\/uploads\/2021\/11\/IMG-20200403-WA0036-600x600.jpg 600w\" sizes=\"(max-width: 150px) 100vw, 150px\" \/><\/a>\n\t\t\t<\/div><\/figure><figure class='gallery-item'>\n\t\t\t<div class='gallery-icon landscape'>\n\t\t\t\t<a href='https:\/\/www.les-black-panthers.org\/FootUS\/depart-clark-evans-ne-sera-pas-le-quarterback-des-panthers-en-2022\/img-20200403-wa0037-2\/'><img loading=\"lazy\" decoding=\"async\" width=\"150\" height=\"150\" src=\"https:\/\/www.les-black-panthers.org\/FootUS\/wp-content\/uploads\/2021\/11\/IMG-20200403-WA0037-150x150.jpg\" class=\"attachment-thumbnail size-thumbnail\" alt=\"\" srcset=\"https:\/\/www.les-black-panthers.org\/FootUS\/wp-content\/uploads\/2021\/11\/IMG-20200403-WA0037-150x150.jpg 150w, https:\/\/www.les-black-panthers.org\/FootUS\/wp-content\/uploads\/2021\/11\/IMG-20200403-WA0037-300x300.jpg 300w, https:\/\/www.les-black-panthers.org\/FootUS\/wp-content\/uploads\/2021\/11\/IMG-20200403-WA0037-180x180.jpg 180w, https:\/\/www.les-black-panthers.org\/FootUS\/wp-content\/uploads\/2021\/11\/IMG-20200403-WA0037-600x600.jpg 600w\" sizes=\"(max-width: 150px) 100vw, 150px\" \/><\/a>\n\t\t\t<\/div><\/figure><figure class='gallery-item'>\n\t\t\t<div class='gallery-icon landscape'>\n\t\t\t\t<a href='https:\/\/www.les-black-panthers.org\/FootUS\/depart-clark-evans-ne-sera-pas-le-quarterback-des-panthers-en-2022\/img-20200403-wa0038-2\/'><img loading=\"lazy\" decoding=\"async\" width=\"150\" height=\"150\" src=\"https:\/\/www.les-black-panthers.org\/FootUS\/wp-content\/uploads\/2021\/11\/IMG-20200403-WA0038-150x150.jpg\" class=\"attachment-thumbnail size-thumbnail\" alt=\"\" srcset=\"https:\/\/www.les-black-panthers.org\/FootUS\/wp-content\/uploads\/2021\/11\/IMG-20200403-WA0038-150x150.jpg 150w, https:\/\/www.les-black-panthers.org\/FootUS\/wp-content\/uploads\/2021\/11\/IMG-20200403-WA0038-300x300.jpg 300w, https:\/\/www.les-black-panthers.org\/FootUS\/wp-content\/uploads\/2021\/11\/IMG-20200403-WA0038-180x180.jpg 180w, https:\/\/www.les-black-panthers.org\/FootUS\/wp-content\/uploads\/2021\/11\/IMG-20200403-WA0038-600x600.jpg 600w\" sizes=\"(max-width: 150px) 100vw, 150px\" \/><\/a>\n\t\t\t<\/div><\/figure><figure class='gallery-item'>\n\t\t\t<div class='gallery-icon landscape'>\n\t\t\t\t<a href='https:\/\/www.les-black-panthers.org\/FootUS\/depart-clark-evans-ne-sera-pas-le-quarterback-des-panthers-en-2022\/img-20200403-wa0039-2\/'><img loading=\"lazy\" decoding=\"async\" width=\"150\" height=\"150\" src=\"https:\/\/www.les-black-panthers.org\/FootUS\/wp-content\/uploads\/2021\/11\/IMG-20200403-WA0039-150x150.jpg\" class=\"attachment-thumbnail size-thumbnail\" alt=\"\" srcset=\"https:\/\/www.les-black-panthers.org\/FootUS\/wp-content\/uploads\/2021\/11\/IMG-20200403-WA0039-150x150.jpg 150w, https:\/\/www.les-black-panthers.org\/FootUS\/wp-content\/uploads\/2021\/11\/IMG-20200403-WA0039-300x300.jpg 300w, https:\/\/www.les-black-panthers.org\/FootUS\/wp-content\/uploads\/2021\/11\/IMG-20200403-WA0039-180x180.jpg 180w, https:\/\/www.les-black-panthers.org\/FootUS\/wp-content\/uploads\/2021\/11\/IMG-20200403-WA0039-600x600.jpg 600w\" sizes=\"(max-width: 150px) 100vw, 150px\" \/><\/a>\n\t\t\t<\/div><\/figure><figure class='gallery-item'>\n\t\t\t<div class='gallery-icon landscape'>\n\t\t\t\t<a href='https:\/\/www.les-black-panthers.org\/FootUS\/depart-clark-evans-ne-sera-pas-le-quarterback-des-panthers-en-2022\/img-20200403-wa0040-2\/'><img loading=\"lazy\" decoding=\"async\" width=\"150\" height=\"150\" src=\"https:\/\/www.les-black-panthers.org\/FootUS\/wp-content\/uploads\/2021\/11\/IMG-20200403-WA0040-150x150.jpg\" class=\"attachment-thumbnail size-thumbnail\" alt=\"\" srcset=\"https:\/\/www.les-black-panthers.org\/FootUS\/wp-content\/uploads\/2021\/11\/IMG-20200403-WA0040-150x150.jpg 150w, https:\/\/www.les-black-panthers.org\/FootUS\/wp-content\/uploads\/2021\/11\/IMG-20200403-WA0040-300x300.jpg 300w, https:\/\/www.les-black-panthers.org\/FootUS\/wp-content\/uploads\/2021\/11\/IMG-20200403-WA0040-180x180.jpg 180w, https:\/\/www.les-black-panthers.org\/FootUS\/wp-content\/uploads\/2021\/11\/IMG-20200403-WA0040-600x600.jpg 600w\" sizes=\"(max-width: 150px) 100vw, 150px\" \/><\/a>\n\t\t\t<\/div><\/figure><figure class='gallery-item'>\n\t\t\t<div class='gallery-icon landscape'>\n\t\t\t\t<a href='https:\/\/www.les-black-panthers.org\/FootUS\/depart-clark-evans-ne-sera-pas-le-quarterback-des-panthers-en-2022\/img-20200403-wa0041-2\/'><img loading=\"lazy\" decoding=\"async\" width=\"150\" height=\"150\" src=\"https:\/\/www.les-black-panthers.org\/FootUS\/wp-content\/uploads\/2021\/11\/IMG-20200403-WA0041-150x150.jpg\" class=\"attachment-thumbnail size-thumbnail\" alt=\"\" srcset=\"https:\/\/www.les-black-panthers.org\/FootUS\/wp-content\/uploads\/2021\/11\/IMG-20200403-WA0041-150x150.jpg 150w, https:\/\/www.les-black-panthers.org\/FootUS\/wp-content\/uploads\/2021\/11\/IMG-20200403-WA0041-300x300.jpg 300w, https:\/\/www.les-black-panthers.org\/FootUS\/wp-content\/uploads\/2021\/11\/IMG-20200403-WA0041-180x180.jpg 180w, https:\/\/www.les-black-panthers.org\/FootUS\/wp-content\/uploads\/2021\/11\/IMG-20200403-WA0041-600x600.jpg 600w\" sizes=\"(max-width: 150px) 100vw, 150px\" \/><\/a>\n\t\t\t<\/div><\/figure><figure class='gallery-item'>\n\t\t\t<div class='gallery-icon landscape'>\n\t\t\t\t<a href='https:\/\/www.les-black-panthers.org\/FootUS\/depart-clark-evans-ne-sera-pas-le-quarterback-des-panthers-en-2022\/img-20200403-wa0042-2\/'><img loading=\"lazy\" decoding=\"async\" width=\"150\" height=\"150\" src=\"https:\/\/www.les-black-panthers.org\/FootUS\/wp-content\/uploads\/2021\/11\/IMG-20200403-WA0042-150x150.jpg\" class=\"attachment-thumbnail size-thumbnail\" alt=\"\" srcset=\"https:\/\/www.les-black-panthers.org\/FootUS\/wp-content\/uploads\/2021\/11\/IMG-20200403-WA0042-150x150.jpg 150w, https:\/\/www.les-black-panthers.org\/FootUS\/wp-content\/uploads\/2021\/11\/IMG-20200403-WA0042-300x300.jpg 300w, https:\/\/www.les-black-panthers.org\/FootUS\/wp-content\/uploads\/2021\/11\/IMG-20200403-WA0042-180x180.jpg 180w, https:\/\/www.les-black-panthers.org\/FootUS\/wp-content\/uploads\/2021\/11\/IMG-20200403-WA0042-600x600.jpg 600w\" sizes=\"(max-width: 150px) 100vw, 150px\" \/><\/a>\n\t\t\t<\/div><\/figure>\n\t\t<\/div>\n\n","protected":false},"excerpt":{"rendered":"<p>D\u00e9part : Clark EVANS ne sera pas le Quarterback des Panthers en 2022 Clark EVANS avait pos\u00e9 ses valises \u00e0 Thonon en Janvier 2019 ou il occupera le poste de Quarterback, avec succ\u00e8s, puisqu&rsquo;il sera rapidement le leader \u00e0 son poste dans le championnat ELITE 2019 et m\u00eame MVP de cette derni\u00e8re saison. D&rsquo;ailleurs le quarterback am\u00e9ricain, sera un maillon&hellip;<\/p>\n","protected":false},"author":2,"featured_media":11586,"comment_status":"closed","ping_status":"open","sticky":false,"template":"","format":"standard","meta":{"footnotes":""},"categories":[5,6],"tags":[],"_links":{"self":[{"href":"https:\/\/www.les-black-panthers.org\/FootUS\/wp-json\/wp\/v2\/posts\/11579"}],"collection":[{"href":"https:\/\/www.les-black-panthers.org\/FootUS\/wp-json\/wp\/v2\/posts"}],"about":[{"href":"https:\/\/www.les-black-panthers.org\/FootUS\/wp-json\/wp\/v2\/types\/post"}],"author":[{"embeddable":true,"href":"https:\/\/www.les-black-panthers.org\/FootUS\/wp-json\/wp\/v2\/users\/2"}],"replies":[{"embeddable":true,"href":"https:\/\/www.les-black-panthers.org\/FootUS\/wp-json\/wp\/v2\/comments?post=11579"}],"version-history":[{"count":2,"href":"https:\/\/www.les-black-panthers.org\/FootUS\/wp-json\/wp\/v2\/posts\/11579\/revisions"}],"predecessor-version":[{"id":11607,"href":"https:\/\/www.les-black-panthers.org\/FootUS\/wp-json\/wp\/v2\/posts\/11579\/revisions\/11607"}],"wp:featuredmedia":[{"embeddable":true,"href":"https:\/\/www.les-black-panthers.org\/FootUS\/wp-json\/wp\/v2\/media\/11586"}],"wp:attachment":[{"href":"https:\/\/www.les-black-panthers.org\/FootUS\/wp-json\/wp\/v2\/media?parent=11579"}],"wp:term":[{"taxonomy":"category","embeddable":true,"href":"https:\/\/www.les-black-panthers.org\/FootUS\/wp-json\/wp\/v2\/categories?post=11579"},{"taxonomy":"post_tag","embeddable":true,"href":"https:\/\/www.les-black-panthers.org\/FootUS\/wp-json\/wp\/v2\/tags?post=11579"}],"curies":[{"name":"wp","href":"https:\/\/api.w.org\/{rel}","templated":true}]}}