{"id":10095,"date":"2020-07-16T08:06:44","date_gmt":"2020-07-16T07:06:44","guid":{"rendered":"https:\/\/www.les-black-panthers.org\/FootUS\/?p=10095"},"modified":"2024-01-16T11:03:57","modified_gmt":"2024-01-16T10:03:57","slug":"operation-quartiers-dete-avec-les-black-panthers","status":"publish","type":"post","link":"https:\/\/www.les-black-panthers.org\/FootUS\/operation-quartiers-dete-avec-les-black-panthers\/","title":{"rendered":"Op\u00e9ration \u00ab\u00a0Quartiers d&rsquo;\u00e9t\u00e9\u00a0\u00bb avec les Black Panthers !"},"content":{"rendered":"<p><span style=\"color: #000000;\">[QUARTIERS D&rsquo;ETE]<\/span><\/p>\n<p><span style=\"color: #000000;\">Un enfant sur quatre ne part pas en vacances\u00a0<\/span><\/p>\n<p><span style=\"color: #000000;\">En 2020, la crise sanitaire a mis davantage en exergue les difficult\u00e9s rencontr\u00e9es par les enfants et les jeunes des quartiers prioritaires de la politique de la ville.<\/span><\/p>\n<div class=\"text_exposed_show\">\n<p><span style=\"color: #000000;\">Face \u00e0 cette situation, le Gouvernement lance \u00ab Quartiers d\u2019\u00e9t\u00e9 2020 \u00bb, une op\u00e9ration pour renforcer les activit\u00e9s et les services de proximit\u00e9 propos\u00e9s aux familles des quartiers prioritaires.<\/span><\/p>\n<p><span style=\"color: #000000;\">Nous sommes fiers\u00a0de pouvoir contribuer \u00e0 cette op\u00e9ration; en effet les\u00a0<a class=\"profileLink\" style=\"color: #000000;\" href=\"https:\/\/www.facebook.com\/blackpanthersfootball\/?__tn__=K-R&amp;eid=ARDe2zLkeoLuqC1ows7Davh6XSJkQD_PpwzWYhqN7jW86MtUMDiRmrd6i5Hou7F8u_4olEwY-RX6oLjd&amp;fref=mentions&amp;__xts__%5B0%5D=68.ARB1p7_vKE-GayDmeg1pU2oB1wSmY24dFEPw5TuOE5WrYmAlcZ_F12WqF_PrCtRDQPK1sjbCMNxRWJkGpIhFxjB-z7MBDx1nn1oP8E8vSmE_znDmgvxt7rvtI97nBahPrrR92qv61sWEaJ74s5VGMW7Ce2XtBOuMbc-OYxsP8dyv1n40DfTx00eu8kbXT03kIjOMm1t4ftOBGVxpavaY435hkDa4K4AcpO75mDDdEZ1frF3azZhh1P2yMks0U0x6yK5e40Nc0Si9XH5ttKl-HHvjmiCwM01OIPAIivRuF1lpedIeG_eeZbCq5yCa4P6zf8Q4cwq7den-cuG3oyGfTfzzBoE\" data-hovercard=\"\/ajax\/hovercard\/page.php?id=101771873422&amp;extragetparams=%7B%22__tn__%22%3A%22%2CdK-R-R%22%2C%22eid%22%3A%22ARDe2zLkeoLuqC1ows7Davh6XSJkQD_PpwzWYhqN7jW86MtUMDiRmrd6i5Hou7F8u_4olEwY-RX6oLjd%22%2C%22fref%22%3A%22mentions%22%7D\" data-hovercard-prefer-more-content-show=\"1\">Black Panthers Football Thonon<\/a>, s&rsquo;incrivent depuis plus de 30 ans dans ce type d&rsquo;action en faveur de la coh\u00e9sion sociale et de l&rsquo;action citoyenne !<\/span><\/p>\n<p><span style=\"color: #000000;\">Merci \u00e0 nos \u00e9ducateurs qui seront du 3 au 7 Aout sur le terrain au profit de la jeunesse !<\/span><\/p>\n<p><span style=\"color: #000000;\"><a class=\"_58cn\" style=\"color: #000000;\" href=\"https:\/\/www.facebook.com\/hashtag\/win?__eep__=6&amp;source=feed_text&amp;epa=HASHTAG&amp;__xts__%5B0%5D=68.ARB1p7_vKE-GayDmeg1pU2oB1wSmY24dFEPw5TuOE5WrYmAlcZ_F12WqF_PrCtRDQPK1sjbCMNxRWJkGpIhFxjB-z7MBDx1nn1oP8E8vSmE_znDmgvxt7rvtI97nBahPrrR92qv61sWEaJ74s5VGMW7Ce2XtBOuMbc-OYxsP8dyv1n40DfTx00eu8kbXT03kIjOMm1t4ftOBGVxpavaY435hkDa4K4AcpO75mDDdEZ1frF3azZhh1P2yMks0U0x6yK5e40Nc0Si9XH5ttKl-HHvjmiCwM01OIPAIivRuF1lpedIeG_eeZbCq5yCa4P6zf8Q4cwq7den-cuG3oyGfTfzzBoE&amp;__tn__=%2ANK-R\" data-ft=\"{&quot;type&quot;:104,&quot;tn&quot;:&quot;*N&quot;}\"><span class=\"_5afx\"><span class=\"_58cl _5afz\" aria-label=\"hashtag\">#<\/span><span class=\"_58cm\">WIN<\/span><\/span><\/a><\/span><\/p>\n<\/div>\n","protected":false},"excerpt":{"rendered":"<p>[QUARTIERS D&rsquo;ETE] Un enfant sur quatre ne part pas en vacances\u00a0 En 2020, la crise sanitaire a mis davantage en exergue les difficult\u00e9s rencontr\u00e9es par les enfants et les jeunes des quartiers prioritaires de la politique de la ville. Face \u00e0 cette situation, le Gouvernement lance \u00ab Quartiers d\u2019\u00e9t\u00e9 2020 \u00bb, une op\u00e9ration pour renforcer les activit\u00e9s et les services&hellip;<\/p>\n","protected":false},"author":2,"featured_media":10096,"comment_status":"closed","ping_status":"closed","sticky":false,"template":"","format":"standard","meta":{"footnotes":""},"categories":[7],"tags":[],"_links":{"self":[{"href":"https:\/\/www.les-black-panthers.org\/FootUS\/wp-json\/wp\/v2\/posts\/10095"}],"collection":[{"href":"https:\/\/www.les-black-panthers.org\/FootUS\/wp-json\/wp\/v2\/posts"}],"about":[{"href":"https:\/\/www.les-black-panthers.org\/FootUS\/wp-json\/wp\/v2\/types\/post"}],"author":[{"embeddable":true,"href":"https:\/\/www.les-black-panthers.org\/FootUS\/wp-json\/wp\/v2\/users\/2"}],"replies":[{"embeddable":true,"href":"https:\/\/www.les-black-panthers.org\/FootUS\/wp-json\/wp\/v2\/comments?post=10095"}],"version-history":[{"count":1,"href":"https:\/\/www.les-black-panthers.org\/FootUS\/wp-json\/wp\/v2\/posts\/10095\/revisions"}],"predecessor-version":[{"id":10097,"href":"https:\/\/www.les-black-panthers.org\/FootUS\/wp-json\/wp\/v2\/posts\/10095\/revisions\/10097"}],"wp:featuredmedia":[{"embeddable":true,"href":"https:\/\/www.les-black-panthers.org\/FootUS\/wp-json\/wp\/v2\/media\/10096"}],"wp:attachment":[{"href":"https:\/\/www.les-black-panthers.org\/FootUS\/wp-json\/wp\/v2\/media?parent=10095"}],"wp:term":[{"taxonomy":"category","embeddable":true,"href":"https:\/\/www.les-black-panthers.org\/FootUS\/wp-json\/wp\/v2\/categories?post=10095"},{"taxonomy":"post_tag","embeddable":true,"href":"https:\/\/www.les-black-panthers.org\/FootUS\/wp-json\/wp\/v2\/tags?post=10095"}],"curies":[{"name":"wp","href":"https:\/\/api.w.org\/{rel}","templated":true}]}}